{"id":28929,"date":"2021-06-08T15:50:33","date_gmt":"2021-06-08T13:50:33","guid":{"rendered":"https:\/\/brin-d-eveil.ch\/?p=28929"},"modified":"2025-09-19T21:47:09","modified_gmt":"2025-09-19T19:47:09","slug":"vacances-feries","status":"publish","type":"post","link":"https:\/\/brin-d-eveil.ch\/category\/news\/vacances-feries\/","title":{"rendered":"Vacances et f\u00e9ri\u00e9s"},"content":{"rendered":"\n<p class=\"justifie\">Notre espace de vie enfantine (EVE) ferme trois semaines en \u00e9t\u00e9 et 1 semaine en hiver ainsi que les jours f\u00e9ri\u00e9s. De ce fait, notre structure est ferm\u00e9e en plus des samedis et dimanches&nbsp;:<\/p>\n\n\n\n<figure class=\"wp-block-table is-style-regular\"><table><tbody><tr><td><strong>Hiver<\/strong><\/td><td>Du 24 d\u00e9cembre au 2 janvier<\/td><\/tr><tr><td><strong>P\u00e2ques<\/strong><\/td><td>Vendredi et lundi<\/td><\/tr><tr><td><strong>Ascension<\/strong><\/td><td>Jeudi et vendredi<\/td><\/tr><tr><td><strong>Pentec\u00f4te<\/strong><\/td><td>Lundi<\/td><\/tr><tr><td><strong>Et\u00e9<\/strong><\/td><td>2 derni\u00e8res semaines de juillet et 1\u00e8re semaine d\u2019ao\u00fbt<\/td><\/tr><\/tbody><\/table><\/figure>\n\n\n\n<p class=\"justifie\">D\u2019autres p\u00e9riodes de fermeture peuvent \u00eatre pr\u00e9vues dans la planification annuelle de l\u2019EVE, notamment pour le perfectionnement du personnel.<\/p>\n\n\n\n<h2>Voici le programme pour la rentr\u00e9e 2025-2026<\/h2>\n\n\n\n<figure class=\"wp-block-table is-style-regular\"><table><tbody><tr><td><strong>Hiver<\/strong><\/td><td>Du mercredi 24 d\u00e9cembre 2025 au vendredi 2 janvier 2026 compris<\/td><\/tr><tr><td><strong>P\u00e2ques<\/strong><\/td><td>Vendredi 3 avril et lundi 6 avril 2026<\/td><\/tr><tr><td><strong>Ascension<\/strong><\/td><td>Jeudi 14 mai et vendredi 15 mai 2026<\/td><\/tr><tr><td><strong>Pentec\u00f4te<\/strong><\/td><td>Lundi 25 mai 2026<\/td><\/tr><tr><td><strong>Et\u00e9<\/strong><\/td><td>Du lundi 20 juillet au vendredi 7 ao\u00fbt 2026<\/td><\/tr><\/tbody><\/table><\/figure>\n","protected":false},"excerpt":{"rendered":"<p>Notre espace de vie enfantine (EVE) ferme trois semaines en \u00e9t\u00e9 et 1 semaine en hiver ainsi que les jours f\u00e9ri\u00e9s. De ce fait, notre structure est ferm\u00e9e en plus des samedis et dimanches&nbsp;: Hiver Du 24 d\u00e9cembre au 2 janvier P\u00e2ques Vendredi et lundi Ascension Jeudi et vendredi Pentec\u00f4te Lundi Et\u00e9 2 derni\u00e8res semaines&#46;&#46;&#46;<\/p>\n","protected":false},"author":1,"featured_media":0,"comment_status":"closed","ping_status":"closed","sticky":false,"template":"","format":"standard","meta":[],"categories":[75],"tags":[],"_links":{"self":[{"href":"https:\/\/brin-d-eveil.ch\/category\/news\/wp-json\/wp\/v2\/posts\/28929"}],"collection":[{"href":"https:\/\/brin-d-eveil.ch\/category\/news\/wp-json\/wp\/v2\/posts"}],"about":[{"href":"https:\/\/brin-d-eveil.ch\/category\/news\/wp-json\/wp\/v2\/types\/post"}],"author":[{"embeddable":true,"href":"https:\/\/brin-d-eveil.ch\/category\/news\/wp-json\/wp\/v2\/users\/1"}],"replies":[{"embeddable":true,"href":"https:\/\/brin-d-eveil.ch\/category\/news\/wp-json\/wp\/v2\/comments?post=28929"}],"version-history":[{"count":11,"href":"https:\/\/brin-d-eveil.ch\/category\/news\/wp-json\/wp\/v2\/posts\/28929\/revisions"}],"predecessor-version":[{"id":29971,"href":"https:\/\/brin-d-eveil.ch\/category\/news\/wp-json\/wp\/v2\/posts\/28929\/revisions\/29971"}],"wp:attachment":[{"href":"https:\/\/brin-d-eveil.ch\/category\/news\/wp-json\/wp\/v2\/media?parent=28929"}],"wp:term":[{"taxonomy":"category","embeddable":true,"href":"https:\/\/brin-d-eveil.ch\/category\/news\/wp-json\/wp\/v2\/categories?post=28929"},{"taxonomy":"post_tag","embeddable":true,"href":"https:\/\/brin-d-eveil.ch\/category\/news\/wp-json\/wp\/v2\/tags?post=28929"}],"curies":[{"name":"wp","href":"https:\/\/api.w.org\/{rel}","templated":true}]}}