{"id":28931,"date":"2021-06-08T15:50:56","date_gmt":"2021-06-08T13:50:56","guid":{"rendered":"https:\/\/brin-d-eveil.ch\/?p=28931"},"modified":"2021-07-05T22:22:22","modified_gmt":"2021-07-05T20:22:22","slug":"deroulement-dune-journee","status":"publish","type":"post","link":"https:\/\/brin-d-eveil.ch\/category\/news\/deroulement-dune-journee\/","title":{"rendered":"D\u00e9roulement d&#8217;une journ\u00e9e"},"content":{"rendered":"\n<p class=\"justifie\">A 7h00, notre espace de vie enfantine (EVE) ouvre ses portes et les enfants arrivent \u00e0 leur rythme jusqu\u2019\u00e0 9h00.<\/p>\n\n\n\n<p class=\"justifie\">A 7h30, le d\u00e9jeuner leur est servi.<\/p>\n\n\n\n<p class=\"justifie\">Aux alentours de 9h00, le personnel \u00e9ducatif (PE) invite les enfants \u00e0 \u201cl\u2019\u00e9veil aux livres\u201d. C\u2019est un rep\u00e8re temporel durant lequel les enfants sont libres de venir ou pas \u00e9couter une\/des histoire\/s. La matin\u00e9e est ensuite v\u00e9cue dans son groupe respectif (s\u00e9paration selon les \u00e2ges). Chaque enfant pourra exp\u00e9rimenter et vivre \u00e0 son rythme en fonction de ses besoins.<\/p>\n\n\n\n<p class=\"justifie\">A 11h45, nous prenons le d\u00eener et encha\u00eenons avec un moment de repos\/calme d\u00e8s 12h45.<\/p>\n\n\n\n<p class=\"justifie\">Les apr\u00e8s-midis sont rythm\u00e9es par les r\u00e9veils \u00e9chelonn\u00e9s et des activit\u00e9s diverses jusqu\u2019au go\u00fbter qui a lieu \u00e0 15h30.<\/p>\n\n\n\n<p class=\"justifie\">D\u00e8s 16h00, les enfants quittent gentiment la structure et ce,&nbsp; jusqu\u2019\u00e0 17h30 (arriv\u00e9e des derniers parents qui viennent chercher leur enfant). Aux alentours de 17h00, le PE propose un dernier rep\u00e8re temporel afin de permettre aux enfants de conscientiser l\u2019approche de leur d\u00e9part.<\/p>\n\n\n\n<p class=\"justifie\">A 17h45, l\u2019EVE ferme et est ensuite nettoy\u00e9.<\/p>\n\n\n\n<p class=\"justifie\">La journ\u00e9e des plus jeunes enfants est rythm\u00e9e par leurs besoins physiologiques.<\/p>\n","protected":false},"excerpt":{"rendered":"<p>A 7h00, notre espace de vie enfantine (EVE) ouvre ses portes et les enfants arrivent \u00e0 leur rythme jusqu\u2019\u00e0 9h00. A 7h30, le d\u00e9jeuner leur est servi. Aux alentours de 9h00, le personnel \u00e9ducatif (PE) invite les enfants \u00e0 \u201cl\u2019\u00e9veil aux livres\u201d. C\u2019est un rep\u00e8re temporel durant lequel les enfants sont libres de venir ou&#46;&#46;&#46;<\/p>\n","protected":false},"author":1,"featured_media":0,"comment_status":"closed","ping_status":"closed","sticky":false,"template":"","format":"standard","meta":[],"categories":[70],"tags":[],"_links":{"self":[{"href":"https:\/\/brin-d-eveil.ch\/category\/news\/wp-json\/wp\/v2\/posts\/28931"}],"collection":[{"href":"https:\/\/brin-d-eveil.ch\/category\/news\/wp-json\/wp\/v2\/posts"}],"about":[{"href":"https:\/\/brin-d-eveil.ch\/category\/news\/wp-json\/wp\/v2\/types\/post"}],"author":[{"embeddable":true,"href":"https:\/\/brin-d-eveil.ch\/category\/news\/wp-json\/wp\/v2\/users\/1"}],"replies":[{"embeddable":true,"href":"https:\/\/brin-d-eveil.ch\/category\/news\/wp-json\/wp\/v2\/comments?post=28931"}],"version-history":[{"count":3,"href":"https:\/\/brin-d-eveil.ch\/category\/news\/wp-json\/wp\/v2\/posts\/28931\/revisions"}],"predecessor-version":[{"id":29195,"href":"https:\/\/brin-d-eveil.ch\/category\/news\/wp-json\/wp\/v2\/posts\/28931\/revisions\/29195"}],"wp:attachment":[{"href":"https:\/\/brin-d-eveil.ch\/category\/news\/wp-json\/wp\/v2\/media?parent=28931"}],"wp:term":[{"taxonomy":"category","embeddable":true,"href":"https:\/\/brin-d-eveil.ch\/category\/news\/wp-json\/wp\/v2\/categories?post=28931"},{"taxonomy":"post_tag","embeddable":true,"href":"https:\/\/brin-d-eveil.ch\/category\/news\/wp-json\/wp\/v2\/tags?post=28931"}],"curies":[{"name":"wp","href":"https:\/\/api.w.org\/{rel}","templated":true}]}}