{"id":29087,"date":"2021-06-30T16:03:30","date_gmt":"2021-06-30T14:03:30","guid":{"rendered":"https:\/\/brin-d-eveil.ch\/category\/news\/?p=29087"},"modified":"2021-08-26T08:06:43","modified_gmt":"2021-08-26T06:06:43","slug":"horaires","status":"publish","type":"post","link":"https:\/\/brin-d-eveil.ch\/category\/news\/horaires\/","title":{"rendered":"Horaires"},"content":{"rendered":"\n<p class=\"justifie\">Notre structure est ouverte du lundi au vendredi de 7h00 \u00e0 17h30.<\/p>\n\n\n\n<p class=\"justifie\">Elle ferme 3 semaines en \u00e9t\u00e9 et 1 semaine en hiver entre No\u00ebl et Nouvel an ainsi que les jours f\u00e9ri\u00e9s officiels. Les dates sont disponibles <a href=\"https:\/\/brin-d-eveil.ch\/category\/news\/vacances-feries\/\" data-type=\"URL\" data-id=\"https:\/\/brin-d-eveil.ch\/category\/news\/vacances-feries\/\">ici<\/a>.<\/p>\n","protected":false},"excerpt":{"rendered":"<p>Notre structure est ouverte du lundi au vendredi de 7h00 \u00e0 17h30. Elle ferme 3 semaines en \u00e9t\u00e9 et 1 semaine en hiver entre No\u00ebl et Nouvel an ainsi que les jours f\u00e9ri\u00e9s officiels. Les dates sont disponibles ici.<\/p>\n","protected":false},"author":1,"featured_media":0,"comment_status":"closed","ping_status":"closed","sticky":false,"template":"","format":"standard","meta":[],"categories":[83],"tags":[],"_links":{"self":[{"href":"https:\/\/brin-d-eveil.ch\/category\/news\/wp-json\/wp\/v2\/posts\/29087"}],"collection":[{"href":"https:\/\/brin-d-eveil.ch\/category\/news\/wp-json\/wp\/v2\/posts"}],"about":[{"href":"https:\/\/brin-d-eveil.ch\/category\/news\/wp-json\/wp\/v2\/types\/post"}],"author":[{"embeddable":true,"href":"https:\/\/brin-d-eveil.ch\/category\/news\/wp-json\/wp\/v2\/users\/1"}],"replies":[{"embeddable":true,"href":"https:\/\/brin-d-eveil.ch\/category\/news\/wp-json\/wp\/v2\/comments?post=29087"}],"version-history":[{"count":4,"href":"https:\/\/brin-d-eveil.ch\/category\/news\/wp-json\/wp\/v2\/posts\/29087\/revisions"}],"predecessor-version":[{"id":29523,"href":"https:\/\/brin-d-eveil.ch\/category\/news\/wp-json\/wp\/v2\/posts\/29087\/revisions\/29523"}],"wp:attachment":[{"href":"https:\/\/brin-d-eveil.ch\/category\/news\/wp-json\/wp\/v2\/media?parent=29087"}],"wp:term":[{"taxonomy":"category","embeddable":true,"href":"https:\/\/brin-d-eveil.ch\/category\/news\/wp-json\/wp\/v2\/categories?post=29087"},{"taxonomy":"post_tag","embeddable":true,"href":"https:\/\/brin-d-eveil.ch\/category\/news\/wp-json\/wp\/v2\/tags?post=29087"}],"curies":[{"name":"wp","href":"https:\/\/api.w.org\/{rel}","templated":true}]}}