{"id":29089,"date":"2021-06-30T16:05:36","date_gmt":"2021-06-30T14:05:36","guid":{"rendered":"https:\/\/brin-d-eveil.ch\/category\/news\/?p=29089"},"modified":"2021-07-05T23:47:41","modified_gmt":"2021-07-05T21:47:41","slug":"localisation","status":"publish","type":"post","link":"https:\/\/brin-d-eveil.ch\/category\/news\/localisation\/","title":{"rendered":"Localisation"},"content":{"rendered":"\n<p class=\"justifie\">Notre espace de vie enfantine (EVE) \u00ab&nbsp;Brin d\u2019\u00e9veil&nbsp;\u00bb se trouve \u00e0 l&#8217;adresse suivante :<\/p>\n\n\n\n<p class=\"has-text-align-center\">Espace de vie enfantine &nbsp;\u00ab&nbsp;Brin d&#8217;\u00e9veil&nbsp;\u00bb S\u00e0rl<br>Vieille-Route 3<br>2612 Cormoret<\/p>\n\n\n\n<iframe src=\"https:\/\/www.google.com\/maps\/embed?pb=!1m18!1m12!1m3!1d169.50786317742623!2d7.055638332681467!3d47.1749732723132!2m3!1f0!2f0!3f0!3m2!1i1024!2i768!4f13.1!3m3!1m2!1s0x478e0301d46d04bb%3A0xd1d459ea7b0eee2b!2sVieille-Route%203%2C%202612%20Cormoret!5e0!3m2!1sfr!2sch!4v1623160727384!5m2!1sfr!2sch\" style=\"border:0;\" allowfullscreen=\"\" loading=\"lazy\" width=\"600\" height=\"450\"><\/iframe>\n\n\n\n<p class=\"justifie\">Nos locaux se trouvent dans un b\u00e2timent regroupant d\u00e9j\u00e0 diff\u00e9rentes institutions pour enfants puisqu\u2019il accueille actuellement l\u2019\u00e9cole enfantine de Cormoret et l\u2019\u00e9cole \u00e0 journ\u00e9e continue (EJC) du syndicat scolaire de Cormoret-Villeret-Courtelary (CoViCou).<\/p>\n\n\n\n<p class=\"justifie\">Des places de parc sont mises \u00e0 disposition des parents venant amener et rechercher leurs enfants, sur le c\u00f4t\u00e9 du b\u00e2timent.<\/p>\n\n\n\n<p class=\"justifie\">L\u2019entr\u00e9e se trouve du c\u00f4t\u00e9 place de jeu. Aucune entr\u00e9e n\u2019est possible c\u00f4t\u00e9 route principale.<\/p>\n\n\n\n<p class=\"justifie\">L\u2019acc\u00e8s au duplex abritant nos locaux, se fait soit par l\u2019escalier soit par l\u2019ascenseur.<\/p>\n\n\n\n<p class=\"justifie\">Notre bo\u00eete aux lettres se situe entre notre b\u00e2timent et le b\u00e2timent de l\u2019\u00e9cole-administration communale.<\/p>\n","protected":false},"excerpt":{"rendered":"<p>Notre espace de vie enfantine (EVE) \u00ab&nbsp;Brin d\u2019\u00e9veil&nbsp;\u00bb se trouve \u00e0 l&#8217;adresse suivante : Espace de vie enfantine &nbsp;\u00ab&nbsp;Brin d&#8217;\u00e9veil&nbsp;\u00bb S\u00e0rlVieille-Route 32612 Cormoret Nos locaux se trouvent dans un b\u00e2timent regroupant d\u00e9j\u00e0 diff\u00e9rentes institutions pour enfants puisqu\u2019il accueille actuellement l\u2019\u00e9cole enfantine de Cormoret et l\u2019\u00e9cole \u00e0 journ\u00e9e continue (EJC) du syndicat scolaire de Cormoret-Villeret-Courtelary (CoViCou).&#46;&#46;&#46;<\/p>\n","protected":false},"author":1,"featured_media":0,"comment_status":"closed","ping_status":"closed","sticky":false,"template":"","format":"standard","meta":[],"categories":[85,69],"tags":[],"_links":{"self":[{"href":"https:\/\/brin-d-eveil.ch\/category\/news\/wp-json\/wp\/v2\/posts\/29089"}],"collection":[{"href":"https:\/\/brin-d-eveil.ch\/category\/news\/wp-json\/wp\/v2\/posts"}],"about":[{"href":"https:\/\/brin-d-eveil.ch\/category\/news\/wp-json\/wp\/v2\/types\/post"}],"author":[{"embeddable":true,"href":"https:\/\/brin-d-eveil.ch\/category\/news\/wp-json\/wp\/v2\/users\/1"}],"replies":[{"embeddable":true,"href":"https:\/\/brin-d-eveil.ch\/category\/news\/wp-json\/wp\/v2\/comments?post=29089"}],"version-history":[{"count":3,"href":"https:\/\/brin-d-eveil.ch\/category\/news\/wp-json\/wp\/v2\/posts\/29089\/revisions"}],"predecessor-version":[{"id":29306,"href":"https:\/\/brin-d-eveil.ch\/category\/news\/wp-json\/wp\/v2\/posts\/29089\/revisions\/29306"}],"wp:attachment":[{"href":"https:\/\/brin-d-eveil.ch\/category\/news\/wp-json\/wp\/v2\/media?parent=29089"}],"wp:term":[{"taxonomy":"category","embeddable":true,"href":"https:\/\/brin-d-eveil.ch\/category\/news\/wp-json\/wp\/v2\/categories?post=29089"},{"taxonomy":"post_tag","embeddable":true,"href":"https:\/\/brin-d-eveil.ch\/category\/news\/wp-json\/wp\/v2\/tags?post=29089"}],"curies":[{"name":"wp","href":"https:\/\/api.w.org\/{rel}","templated":true}]}}