{"id":29092,"date":"2021-06-30T16:11:06","date_gmt":"2021-06-30T14:11:06","guid":{"rendered":"https:\/\/brin-d-eveil.ch\/category\/news\/?p=29092"},"modified":"2025-11-10T11:07:38","modified_gmt":"2025-11-10T10:07:38","slug":"admission","status":"publish","type":"post","link":"https:\/\/brin-d-eveil.ch\/category\/news\/admission\/","title":{"rendered":"Admission"},"content":{"rendered":"\n<p class=\"justifie\">Les enfants sont admis d\u00e8s la fin du cong\u00e9 maternit\u00e9 jusqu\u2019\u00e0 l\u2019entr\u00e9e \u00e0 l\u2019\u00e9cole enfantine. Les demandes d\u2019admission se font via le <a href=\"https:\/\/brin-d-eveil.ch\/category\/news\/pre-inscription\/\">formulaire de pr\u00e9-inscription<\/a>.<\/p>\n\n\n\n<p class=\"justifie\">La direction analyse la demande et si une fr\u00e9quentation peut \u00eatre pr\u00e9-attribu\u00e9e, elle invite les parents \u00e0 venir discuter et visiter les locaux (d\u00e8s mi-octobre 2021). Les parents peuvent demander un devis (sans d\u00e9duction kiBon) pour cette premi\u00e8re rencontre, la d\u00e9duction kiBon peut \u00eatre estim\u00e9e via le <a href=\"https:\/\/www.fambe.sites.be.ch\/fr\/guide-des-familles\/prise-en-charge-denfants\/bons-de-garde\/calculateur-des-bons-de-garde\" data-type=\"URL\" data-id=\"https:\/\/www.fambe.sites.be.ch\/fr\/guide-des-familles\/prise-en-charge-denfants\/bons-de-garde\/calculateur-des-bons-de-garde\" target=\"_blank\" rel=\"noreferrer noopener\">calculateur de bon de garde<\/a> mais est officiellement d\u00e9livr\u00e9e par la commune de domicile.<\/p>\n\n\n\n<p class=\"justifie\">Nous trouvons essentiel que les parents viennent confronter leurs attentes \u00e0 l\u2019offre de la structure. La direction r\u00e8gle ensuite les modalit\u00e9s d\u2019admission, d\u00e9finit pr\u00e9cis\u00e9ment la prise en charge et le tarif.\u00a0 Si une entente est trouv\u00e9e sur la prise en charge, la direction pr\u00e9pare et envoie le contrat par mail. Les parents disposent ensuite d\u2019une semaine de r\u00e9flexion pour signer le contrat et s\u2019acquitter des frais d\u2019inscription de 50.00 CHF par enfant. Une fois les frais d\u2019inscription acquitt\u00e9s, la place de l\u2019enfant est r\u00e9serv\u00e9e. Si le contrat n\u2019est pas sign\u00e9 dans les d\u00e9lais impos\u00e9s ou si les frais d\u2019inscription ne sont pas r\u00e9gl\u00e9s, la place sera alors repourvue et ne sera plus garantie.<\/p>\n","protected":false},"excerpt":{"rendered":"<p>Les enfants sont admis d\u00e8s la fin du cong\u00e9 maternit\u00e9 jusqu\u2019\u00e0 l\u2019entr\u00e9e \u00e0 l\u2019\u00e9cole enfantine. Les demandes d\u2019admission se font via le formulaire de pr\u00e9-inscription. La direction analyse la demande et si une fr\u00e9quentation peut \u00eatre pr\u00e9-attribu\u00e9e, elle invite les parents \u00e0 venir discuter et visiter les locaux (d\u00e8s mi-octobre 2021). Les parents peuvent demander&#46;&#46;&#46;<\/p>\n","protected":false},"author":1,"featured_media":0,"comment_status":"closed","ping_status":"closed","sticky":false,"template":"","format":"standard","meta":[],"categories":[82],"tags":[],"_links":{"self":[{"href":"https:\/\/brin-d-eveil.ch\/category\/news\/wp-json\/wp\/v2\/posts\/29092"}],"collection":[{"href":"https:\/\/brin-d-eveil.ch\/category\/news\/wp-json\/wp\/v2\/posts"}],"about":[{"href":"https:\/\/brin-d-eveil.ch\/category\/news\/wp-json\/wp\/v2\/types\/post"}],"author":[{"embeddable":true,"href":"https:\/\/brin-d-eveil.ch\/category\/news\/wp-json\/wp\/v2\/users\/1"}],"replies":[{"embeddable":true,"href":"https:\/\/brin-d-eveil.ch\/category\/news\/wp-json\/wp\/v2\/comments?post=29092"}],"version-history":[{"count":9,"href":"https:\/\/brin-d-eveil.ch\/category\/news\/wp-json\/wp\/v2\/posts\/29092\/revisions"}],"predecessor-version":[{"id":29987,"href":"https:\/\/brin-d-eveil.ch\/category\/news\/wp-json\/wp\/v2\/posts\/29092\/revisions\/29987"}],"wp:attachment":[{"href":"https:\/\/brin-d-eveil.ch\/category\/news\/wp-json\/wp\/v2\/media?parent=29092"}],"wp:term":[{"taxonomy":"category","embeddable":true,"href":"https:\/\/brin-d-eveil.ch\/category\/news\/wp-json\/wp\/v2\/categories?post=29092"},{"taxonomy":"post_tag","embeddable":true,"href":"https:\/\/brin-d-eveil.ch\/category\/news\/wp-json\/wp\/v2\/tags?post=29092"}],"curies":[{"name":"wp","href":"https:\/\/api.w.org\/{rel}","templated":true}]}}