{"id":29097,"date":"2021-06-30T16:13:15","date_gmt":"2021-06-30T14:13:15","guid":{"rendered":"https:\/\/brin-d-eveil.ch\/category\/news\/?p=29097"},"modified":"2021-08-26T08:24:13","modified_gmt":"2021-08-26T06:24:13","slug":"arrivee-et-depart","status":"publish","type":"post","link":"https:\/\/brin-d-eveil.ch\/category\/news\/arrivee-et-depart\/","title":{"rendered":"Arriv\u00e9e et d\u00e9part"},"content":{"rendered":"\n<h2>Arriv\u00e9e<\/h2>\n\n\n\n<ul><li>Arriv\u00e9e du matin<\/li><\/ul>\n\n\n\n<p class=\"justifie\">Les enfants peuvent arriver dans notre structure d\u00e8s son ouverture, \u00e0 savoir d\u00e8s 7h00 et ce jusqu\u2019\u00e0 9h00<\/p>\n\n\n\n<ul><li>Arriv\u00e9e pour le d\u00e9jeuner<\/li><\/ul>\n\n\n\n<p class=\"justifie\">Les enfants qui prennent le d\u00e9jeuner doit arriver avant 7h30<\/p>\n\n\n\n<ul><li>Arriv\u00e9e pour le d\u00eener<\/li><\/ul>\n\n\n\n<p class=\"justifie\">Les enfants qui viennent savourer le repas de midi sont attendus \u00e0 11h30<\/p>\n\n\n\n<ul><li>Arriv\u00e9e de l\u2019apr\u00e8s-midi<\/li><\/ul>\n\n\n\n<p class=\"justifie\">Les enfants peuvent venir entre 12h45 et 13h00<\/p>\n\n\n\n<hr class=\"wp-block-separator\"\/>\n\n\n\n<h2>D\u00e9part<\/h2>\n\n\n\n<ul><li>D\u00e9part du matin<\/li><\/ul>\n\n\n\n<p class=\"justifie\">Les enfants quittent la structure \u00e0 11h30<\/p>\n\n\n\n<ul><li>D\u00e9part apr\u00e8s le repas de midi<\/li><\/ul>\n\n\n\n<p class=\"justifie\">Les enfants quittent la structure entre 12h45 et 13h00<\/p>\n\n\n\n<ul><li>D\u00e9part en fin de journ\u00e9e<\/li><\/ul>\n\n\n\n<p class=\"justifie\">Les enfants quittent la structure entre 16h00 et 17h30<\/p>\n\n\n\n<figure class=\"wp-block-table justifie\"><table><tbody><tr><td>Les parents sont attendus jusqu\u2019\u00e0 17h30 au plus tard. Une fois cette heure pass\u00e9e, un d\u00e9passement de temps entre en ligne de compte et une contribution financi\u00e8re de 10 CHF par \u00bc heure entam\u00e9 sera demand\u00e9e !<\/td><\/tr><\/tbody><\/table><\/figure>\n\n\n\n<h2>Prise en charge par des tiers<\/h2>\n\n\n\n<p class=\"justifie\">Seuls les parents ou les personnes inscrites sur la fiche de contact sont autoris\u00e9s \u00e0 venir chercher l\u2019enfant dans notre structure. En cas de personne non annonc\u00e9e au pr\u00e9alable, le personnel \u00e9ducatif (PE) refusera la prise en charge par ce tiers. Nous contacterons les parents par t\u00e9l\u00e9phone pour s\u2019enqu\u00e9rir de la situation. Le PE peut \u00e9galement exiger une carte d\u2019identit\u00e9 \u00e0 ces tiers lors de leur venue.<\/p>\n","protected":false},"excerpt":{"rendered":"<p>Arriv\u00e9e Arriv\u00e9e du matin Les enfants peuvent arriver dans notre structure d\u00e8s son ouverture, \u00e0 savoir d\u00e8s 7h00 et ce jusqu\u2019\u00e0 9h00 Arriv\u00e9e pour le d\u00e9jeuner Les enfants qui prennent le d\u00e9jeuner doit arriver avant 7h30 Arriv\u00e9e pour le d\u00eener Les enfants qui viennent savourer le repas de midi sont attendus \u00e0 11h30 Arriv\u00e9e de&#46;&#46;&#46;<\/p>\n","protected":false},"author":1,"featured_media":0,"comment_status":"closed","ping_status":"closed","sticky":false,"template":"","format":"standard","meta":[],"categories":[73],"tags":[],"_links":{"self":[{"href":"https:\/\/brin-d-eveil.ch\/category\/news\/wp-json\/wp\/v2\/posts\/29097"}],"collection":[{"href":"https:\/\/brin-d-eveil.ch\/category\/news\/wp-json\/wp\/v2\/posts"}],"about":[{"href":"https:\/\/brin-d-eveil.ch\/category\/news\/wp-json\/wp\/v2\/types\/post"}],"author":[{"embeddable":true,"href":"https:\/\/brin-d-eveil.ch\/category\/news\/wp-json\/wp\/v2\/users\/1"}],"replies":[{"embeddable":true,"href":"https:\/\/brin-d-eveil.ch\/category\/news\/wp-json\/wp\/v2\/comments?post=29097"}],"version-history":[{"count":8,"href":"https:\/\/brin-d-eveil.ch\/category\/news\/wp-json\/wp\/v2\/posts\/29097\/revisions"}],"predecessor-version":[{"id":29534,"href":"https:\/\/brin-d-eveil.ch\/category\/news\/wp-json\/wp\/v2\/posts\/29097\/revisions\/29534"}],"wp:attachment":[{"href":"https:\/\/brin-d-eveil.ch\/category\/news\/wp-json\/wp\/v2\/media?parent=29097"}],"wp:term":[{"taxonomy":"category","embeddable":true,"href":"https:\/\/brin-d-eveil.ch\/category\/news\/wp-json\/wp\/v2\/categories?post=29097"},{"taxonomy":"post_tag","embeddable":true,"href":"https:\/\/brin-d-eveil.ch\/category\/news\/wp-json\/wp\/v2\/tags?post=29097"}],"curies":[{"name":"wp","href":"https:\/\/api.w.org\/{rel}","templated":true}]}}