{"id":29543,"date":"2021-09-20T15:09:32","date_gmt":"2021-09-20T13:09:32","guid":{"rendered":"https:\/\/brin-d-eveil.ch\/category\/news\/?p=29543"},"modified":"2021-09-20T15:10:31","modified_gmt":"2021-09-20T13:10:31","slug":"inauguration","status":"publish","type":"post","link":"https:\/\/brin-d-eveil.ch\/category\/news\/inauguration\/","title":{"rendered":"Inauguration"},"content":{"rendered":"\n<p class=\"justifie\">Le samedi 6 novembre 2021, nous inaugurons nos locaux et nous r\u00e9jouissons de vous faire d\u00e9couvrir notre espace de vie enfantine  ! R\u00e9servez d\u00e9j\u00e0 la date dans vos agendas ! Ouvert \u00e0 toutes et \u00e0 tous ! Tous les d\u00e9tails dans l&#8217;image ci-dessous :<\/p>\n\n\n\n<figure class=\"wp-block-image size-full\"><img loading=\"lazy\" width=\"1821\" height=\"2560\" src=\"https:\/\/brin-d-eveil.ch\/wp-content\/uploads\/2021\/09\/Affiche-A3_new-inauguration-scaled.jpg\" alt=\"\" class=\"wp-image-29544\" srcset=\"https:\/\/brin-d-eveil.ch\/wp-content\/uploads\/2021\/09\/Affiche-A3_new-inauguration-scaled.jpg 1821w, https:\/\/brin-d-eveil.ch\/wp-content\/uploads\/2021\/09\/Affiche-A3_new-inauguration-213x300.jpg 213w, https:\/\/brin-d-eveil.ch\/wp-content\/uploads\/2021\/09\/Affiche-A3_new-inauguration-728x1024.jpg 728w, https:\/\/brin-d-eveil.ch\/wp-content\/uploads\/2021\/09\/Affiche-A3_new-inauguration-768x1080.jpg 768w, https:\/\/brin-d-eveil.ch\/wp-content\/uploads\/2021\/09\/Affiche-A3_new-inauguration-1093x1536.jpg 1093w, https:\/\/brin-d-eveil.ch\/wp-content\/uploads\/2021\/09\/Affiche-A3_new-inauguration-1457x2048.jpg 1457w, https:\/\/brin-d-eveil.ch\/wp-content\/uploads\/2021\/09\/Affiche-A3_new-inauguration-720x1012.jpg 720w\" sizes=\"(max-width: 1821px) 100vw, 1821px\" \/><\/figure>\n","protected":false},"excerpt":{"rendered":"<p>Le samedi 6 novembre 2021, nous inaugurons nos locaux et nous r\u00e9jouissons de vous faire d\u00e9couvrir notre espace de vie enfantine ! R\u00e9servez d\u00e9j\u00e0 la date dans vos agendas ! Ouvert \u00e0 toutes et \u00e0 tous ! Tous les d\u00e9tails dans l&#8217;image ci-dessous :<\/p>\n","protected":false},"author":1,"featured_media":29544,"comment_status":"closed","ping_status":"closed","sticky":false,"template":"","format":"standard","meta":[],"categories":[80],"tags":[],"_links":{"self":[{"href":"https:\/\/brin-d-eveil.ch\/category\/news\/wp-json\/wp\/v2\/posts\/29543"}],"collection":[{"href":"https:\/\/brin-d-eveil.ch\/category\/news\/wp-json\/wp\/v2\/posts"}],"about":[{"href":"https:\/\/brin-d-eveil.ch\/category\/news\/wp-json\/wp\/v2\/types\/post"}],"author":[{"embeddable":true,"href":"https:\/\/brin-d-eveil.ch\/category\/news\/wp-json\/wp\/v2\/users\/1"}],"replies":[{"embeddable":true,"href":"https:\/\/brin-d-eveil.ch\/category\/news\/wp-json\/wp\/v2\/comments?post=29543"}],"version-history":[{"count":2,"href":"https:\/\/brin-d-eveil.ch\/category\/news\/wp-json\/wp\/v2\/posts\/29543\/revisions"}],"predecessor-version":[{"id":29547,"href":"https:\/\/brin-d-eveil.ch\/category\/news\/wp-json\/wp\/v2\/posts\/29543\/revisions\/29547"}],"wp:featuredmedia":[{"embeddable":true,"href":"https:\/\/brin-d-eveil.ch\/category\/news\/wp-json\/wp\/v2\/media\/29544"}],"wp:attachment":[{"href":"https:\/\/brin-d-eveil.ch\/category\/news\/wp-json\/wp\/v2\/media?parent=29543"}],"wp:term":[{"taxonomy":"category","embeddable":true,"href":"https:\/\/brin-d-eveil.ch\/category\/news\/wp-json\/wp\/v2\/categories?post=29543"},{"taxonomy":"post_tag","embeddable":true,"href":"https:\/\/brin-d-eveil.ch\/category\/news\/wp-json\/wp\/v2\/tags?post=29543"}],"curies":[{"name":"wp","href":"https:\/\/api.w.org\/{rel}","templated":true}]}}