{"id":29793,"date":"2023-08-14T20:20:00","date_gmt":"2023-08-14T18:20:00","guid":{"rendered":"https:\/\/brin-d-eveil.ch\/category\/news\/?p=29793"},"modified":"2024-05-01T20:32:30","modified_gmt":"2024-05-01T18:32:30","slug":"bienvenue-coraline","status":"publish","type":"post","link":"https:\/\/brin-d-eveil.ch\/category\/news\/bienvenue-coraline\/","title":{"rendered":"Bienvenue Coraline"},"content":{"rendered":"\n<figure class=\"wp-block-image size-large is-style-rounded\"><img loading=\"lazy\" width=\"1024\" height=\"1024\" src=\"https:\/\/brin-d-eveil.ch\/wp-content\/uploads\/2023\/08\/coraline_carre-2-1024x1024.jpg\" alt=\"Coarline\" class=\"wp-image-29741\" srcset=\"https:\/\/brin-d-eveil.ch\/wp-content\/uploads\/2023\/08\/coraline_carre-2-1024x1024.jpg 1024w, https:\/\/brin-d-eveil.ch\/wp-content\/uploads\/2023\/08\/coraline_carre-2-300x300.jpg 300w, https:\/\/brin-d-eveil.ch\/wp-content\/uploads\/2023\/08\/coraline_carre-2-150x150.jpg 150w, https:\/\/brin-d-eveil.ch\/wp-content\/uploads\/2023\/08\/coraline_carre-2-768x768.jpg 768w, https:\/\/brin-d-eveil.ch\/wp-content\/uploads\/2023\/08\/coraline_carre-2-200x200.jpg 200w, https:\/\/brin-d-eveil.ch\/wp-content\/uploads\/2023\/08\/coraline_carre-2-720x720.jpg 720w, https:\/\/brin-d-eveil.ch\/wp-content\/uploads\/2023\/08\/coraline_carre-2.jpg 1465w\" sizes=\"(max-width: 1024px) 100vw, 1024px\" \/><\/figure>\n\n\n\n<p class=\"justifie\">Coraline a rejoint notre \u00e9quipe le 1er ao\u00fbt 2023. Elle est \u00e9ducatrice de la petite enfance. <\/p>\n\n\n\n<p class=\"justifie\">Elle int\u00e8gre l&#8217;\u00e9quipe \u00e0 mi-temps. Elle travaille essentiellement sur la fin de semaine (mer-jeu-ven). Elle a eu la chance de travailler dans diff\u00e9rentes structures de la r\u00e9gion.<\/p>\n\n\n\n<p class=\"justifie\">Nous sommes heureuses de partager cette aventure avec elle. <\/p>\n","protected":false},"excerpt":{"rendered":"<p>Coraline a rejoint notre \u00e9quipe le 1er ao\u00fbt 2023. Elle est \u00e9ducatrice de la petite enfance. Elle int\u00e8gre l&#8217;\u00e9quipe \u00e0 mi-temps. Elle travaille essentiellement sur la fin de semaine (mer-jeu-ven). Elle a eu la chance de travailler dans diff\u00e9rentes structures de la r\u00e9gion. Nous sommes heureuses de partager cette aventure avec elle.<\/p>\n","protected":false},"author":2,"featured_media":29741,"comment_status":"closed","ping_status":"closed","sticky":false,"template":"","format":"standard","meta":[],"categories":[80],"tags":[],"_links":{"self":[{"href":"https:\/\/brin-d-eveil.ch\/category\/news\/wp-json\/wp\/v2\/posts\/29793"}],"collection":[{"href":"https:\/\/brin-d-eveil.ch\/category\/news\/wp-json\/wp\/v2\/posts"}],"about":[{"href":"https:\/\/brin-d-eveil.ch\/category\/news\/wp-json\/wp\/v2\/types\/post"}],"author":[{"embeddable":true,"href":"https:\/\/brin-d-eveil.ch\/category\/news\/wp-json\/wp\/v2\/users\/2"}],"replies":[{"embeddable":true,"href":"https:\/\/brin-d-eveil.ch\/category\/news\/wp-json\/wp\/v2\/comments?post=29793"}],"version-history":[{"count":3,"href":"https:\/\/brin-d-eveil.ch\/category\/news\/wp-json\/wp\/v2\/posts\/29793\/revisions"}],"predecessor-version":[{"id":29798,"href":"https:\/\/brin-d-eveil.ch\/category\/news\/wp-json\/wp\/v2\/posts\/29793\/revisions\/29798"}],"wp:featuredmedia":[{"embeddable":true,"href":"https:\/\/brin-d-eveil.ch\/category\/news\/wp-json\/wp\/v2\/media\/29741"}],"wp:attachment":[{"href":"https:\/\/brin-d-eveil.ch\/category\/news\/wp-json\/wp\/v2\/media?parent=29793"}],"wp:term":[{"taxonomy":"category","embeddable":true,"href":"https:\/\/brin-d-eveil.ch\/category\/news\/wp-json\/wp\/v2\/categories?post=29793"},{"taxonomy":"post_tag","embeddable":true,"href":"https:\/\/brin-d-eveil.ch\/category\/news\/wp-json\/wp\/v2\/tags?post=29793"}],"curies":[{"name":"wp","href":"https:\/\/api.w.org\/{rel}","templated":true}]}}