{"id":29807,"date":"2024-07-14T13:33:46","date_gmt":"2024-07-14T11:33:46","guid":{"rendered":"https:\/\/brin-d-eveil.ch\/category\/news\/?p=29807"},"modified":"2024-07-14T13:39:18","modified_gmt":"2024-07-14T11:39:18","slug":"felicitations-leane","status":"publish","type":"post","link":"https:\/\/brin-d-eveil.ch\/category\/news\/felicitations-leane\/","title":{"rendered":"F\u00e9licitations L\u00e9ane"},"content":{"rendered":"\n<p class=\"justifie\">Toute l&#8217;\u00e9quipe de Brin d&#8217;\u00e9veil tient \u00e0 f\u00e9liciter L\u00e9ane qui a r\u00e9ussi ses examens le mois dernier. Elle a r\u00e9alis\u00e9 son TPP au sein de notre structure et obtenu une moyenne finale de 5.7. Un grand BRAVO ! Maintenant, place \u00e0 la vie de professionnelle ! Bon continuation&#8230;<\/p>\n\n\n\n<p class=\"justifie\"><\/p>\n\n\n\n<p><\/p>\n","protected":false},"excerpt":{"rendered":"<p>Toute l&#8217;\u00e9quipe de Brin d&#8217;\u00e9veil tient \u00e0 f\u00e9liciter L\u00e9ane qui a r\u00e9ussi ses examens le mois dernier. Elle a r\u00e9alis\u00e9 son TPP au sein de notre structure et obtenu une moyenne finale de 5.7. Un grand BRAVO ! Maintenant, place \u00e0 la vie de professionnelle ! Bon continuation&#8230;<\/p>\n","protected":false},"author":2,"featured_media":29743,"comment_status":"closed","ping_status":"closed","sticky":false,"template":"","format":"standard","meta":[],"categories":[80],"tags":[],"_links":{"self":[{"href":"https:\/\/brin-d-eveil.ch\/category\/news\/wp-json\/wp\/v2\/posts\/29807"}],"collection":[{"href":"https:\/\/brin-d-eveil.ch\/category\/news\/wp-json\/wp\/v2\/posts"}],"about":[{"href":"https:\/\/brin-d-eveil.ch\/category\/news\/wp-json\/wp\/v2\/types\/post"}],"author":[{"embeddable":true,"href":"https:\/\/brin-d-eveil.ch\/category\/news\/wp-json\/wp\/v2\/users\/2"}],"replies":[{"embeddable":true,"href":"https:\/\/brin-d-eveil.ch\/category\/news\/wp-json\/wp\/v2\/comments?post=29807"}],"version-history":[{"count":1,"href":"https:\/\/brin-d-eveil.ch\/category\/news\/wp-json\/wp\/v2\/posts\/29807\/revisions"}],"predecessor-version":[{"id":29811,"href":"https:\/\/brin-d-eveil.ch\/category\/news\/wp-json\/wp\/v2\/posts\/29807\/revisions\/29811"}],"wp:featuredmedia":[{"embeddable":true,"href":"https:\/\/brin-d-eveil.ch\/category\/news\/wp-json\/wp\/v2\/media\/29743"}],"wp:attachment":[{"href":"https:\/\/brin-d-eveil.ch\/category\/news\/wp-json\/wp\/v2\/media?parent=29807"}],"wp:term":[{"taxonomy":"category","embeddable":true,"href":"https:\/\/brin-d-eveil.ch\/category\/news\/wp-json\/wp\/v2\/categories?post=29807"},{"taxonomy":"post_tag","embeddable":true,"href":"https:\/\/brin-d-eveil.ch\/category\/news\/wp-json\/wp\/v2\/tags?post=29807"}],"curies":[{"name":"wp","href":"https:\/\/api.w.org\/{rel}","templated":true}]}}