{"id":29808,"date":"2024-06-03T13:26:00","date_gmt":"2024-06-03T11:26:00","guid":{"rendered":"https:\/\/brin-d-eveil.ch\/category\/news\/?p=29808"},"modified":"2024-07-14T13:38:57","modified_gmt":"2024-07-14T11:38:57","slug":"bienvenue-alison","status":"publish","type":"post","link":"https:\/\/brin-d-eveil.ch\/category\/news\/bienvenue-alison\/","title":{"rendered":"Bienvenue Alison"},"content":{"rendered":"\n<figure class=\"wp-block-image size-large is-style-rounded\"><img loading=\"lazy\" width=\"1024\" height=\"1024\" src=\"https:\/\/brin-d-eveil.ch\/wp-content\/uploads\/2024\/07\/IMG_0452-1024x1024.jpg\" alt=\"\" class=\"wp-image-29803\" srcset=\"https:\/\/brin-d-eveil.ch\/wp-content\/uploads\/2024\/07\/IMG_0452-1024x1024.jpg 1024w, https:\/\/brin-d-eveil.ch\/wp-content\/uploads\/2024\/07\/IMG_0452-300x300.jpg 300w, https:\/\/brin-d-eveil.ch\/wp-content\/uploads\/2024\/07\/IMG_0452-150x150.jpg 150w, https:\/\/brin-d-eveil.ch\/wp-content\/uploads\/2024\/07\/IMG_0452-768x768.jpg 768w, https:\/\/brin-d-eveil.ch\/wp-content\/uploads\/2024\/07\/IMG_0452-1536x1536.jpg 1536w, https:\/\/brin-d-eveil.ch\/wp-content\/uploads\/2024\/07\/IMG_0452-200x200.jpg 200w, https:\/\/brin-d-eveil.ch\/wp-content\/uploads\/2024\/07\/IMG_0452-720x720.jpg 720w, https:\/\/brin-d-eveil.ch\/wp-content\/uploads\/2024\/07\/IMG_0452.jpg 1920w\" sizes=\"(max-width: 1024px) 100vw, 1024px\" \/><\/figure>\n\n\n\n<p>Alison a rejoint notre \u00e9quipe en janvier dernier en tant que rempla\u00e7ante et poursuit son aventure avec nous en tant qu&#8217;\u00e9ducatrice de l&#8217;enfance d\u00e8s juin 2024. Elle int\u00e8gre l&#8217;\u00e9quipe avec un grand pourcentage. Elle sera donc pr\u00e9sente tous les jours et participera \u00e0 la formation de nos apprenti(e)s. <\/p>\n\n\n\n<p class=\"justifie\">Nous sommes heureuses de poursuivre cette aventure avec elle et lui souhaitons officiellement la bienvenue parmi nous. <\/p>\n","protected":false},"excerpt":{"rendered":"<p>Alison a rejoint notre \u00e9quipe en janvier dernier en tant que rempla\u00e7ante et poursuit son aventure avec nous en tant qu&#8217;\u00e9ducatrice de l&#8217;enfance d\u00e8s juin 2024. Elle int\u00e8gre l&#8217;\u00e9quipe avec un grand pourcentage. Elle sera donc pr\u00e9sente tous les jours et participera \u00e0 la formation de nos apprenti(e)s. Nous sommes heureuses de poursuivre cette aventure&#46;&#46;&#46;<\/p>\n","protected":false},"author":2,"featured_media":29812,"comment_status":"closed","ping_status":"closed","sticky":false,"template":"","format":"standard","meta":[],"categories":[80],"tags":[],"_links":{"self":[{"href":"https:\/\/brin-d-eveil.ch\/category\/news\/wp-json\/wp\/v2\/posts\/29808"}],"collection":[{"href":"https:\/\/brin-d-eveil.ch\/category\/news\/wp-json\/wp\/v2\/posts"}],"about":[{"href":"https:\/\/brin-d-eveil.ch\/category\/news\/wp-json\/wp\/v2\/types\/post"}],"author":[{"embeddable":true,"href":"https:\/\/brin-d-eveil.ch\/category\/news\/wp-json\/wp\/v2\/users\/2"}],"replies":[{"embeddable":true,"href":"https:\/\/brin-d-eveil.ch\/category\/news\/wp-json\/wp\/v2\/comments?post=29808"}],"version-history":[{"count":1,"href":"https:\/\/brin-d-eveil.ch\/category\/news\/wp-json\/wp\/v2\/posts\/29808\/revisions"}],"predecessor-version":[{"id":29809,"href":"https:\/\/brin-d-eveil.ch\/category\/news\/wp-json\/wp\/v2\/posts\/29808\/revisions\/29809"}],"wp:featuredmedia":[{"embeddable":true,"href":"https:\/\/brin-d-eveil.ch\/category\/news\/wp-json\/wp\/v2\/media\/29812"}],"wp:attachment":[{"href":"https:\/\/brin-d-eveil.ch\/category\/news\/wp-json\/wp\/v2\/media?parent=29808"}],"wp:term":[{"taxonomy":"category","embeddable":true,"href":"https:\/\/brin-d-eveil.ch\/category\/news\/wp-json\/wp\/v2\/categories?post=29808"},{"taxonomy":"post_tag","embeddable":true,"href":"https:\/\/brin-d-eveil.ch\/category\/news\/wp-json\/wp\/v2\/tags?post=29808"}],"curies":[{"name":"wp","href":"https:\/\/api.w.org\/{rel}","templated":true}]}}