{"id":29813,"date":"2024-04-21T13:40:00","date_gmt":"2024-04-21T11:40:00","guid":{"rendered":"https:\/\/brin-d-eveil.ch\/category\/news\/?p=29813"},"modified":"2024-07-14T13:43:35","modified_gmt":"2024-07-14T11:43:35","slug":"formation-signons-ensemble","status":"publish","type":"post","link":"https:\/\/brin-d-eveil.ch\/category\/news\/formation-signons-ensemble\/","title":{"rendered":"Formation &#8220;Signons Ensemble&#8221;"},"content":{"rendered":"\n<p class=\"justifie\">Toute l&#8217;\u00e9quipe va suivre une formation en communication gestuelle afin de la pratiquer au quotidien avec les enfants d\u00e8s l&#8217;automne prochain. Nous avons h\u00e2te de commencer&#8230; <\/p>\n\n\n\n<p class=\"justifie\"><\/p>\n\n\n\n<p><\/p>\n","protected":false},"excerpt":{"rendered":"<p>Toute l&#8217;\u00e9quipe va suivre une formation en communication gestuelle afin de la pratiquer au quotidien avec les enfants d\u00e8s l&#8217;automne prochain. Nous avons h\u00e2te de commencer&#8230;<\/p>\n","protected":false},"author":2,"featured_media":29814,"comment_status":"closed","ping_status":"closed","sticky":false,"template":"","format":"standard","meta":[],"categories":[80],"tags":[],"_links":{"self":[{"href":"https:\/\/brin-d-eveil.ch\/category\/news\/wp-json\/wp\/v2\/posts\/29813"}],"collection":[{"href":"https:\/\/brin-d-eveil.ch\/category\/news\/wp-json\/wp\/v2\/posts"}],"about":[{"href":"https:\/\/brin-d-eveil.ch\/category\/news\/wp-json\/wp\/v2\/types\/post"}],"author":[{"embeddable":true,"href":"https:\/\/brin-d-eveil.ch\/category\/news\/wp-json\/wp\/v2\/users\/2"}],"replies":[{"embeddable":true,"href":"https:\/\/brin-d-eveil.ch\/category\/news\/wp-json\/wp\/v2\/comments?post=29813"}],"version-history":[{"count":1,"href":"https:\/\/brin-d-eveil.ch\/category\/news\/wp-json\/wp\/v2\/posts\/29813\/revisions"}],"predecessor-version":[{"id":29815,"href":"https:\/\/brin-d-eveil.ch\/category\/news\/wp-json\/wp\/v2\/posts\/29813\/revisions\/29815"}],"wp:featuredmedia":[{"embeddable":true,"href":"https:\/\/brin-d-eveil.ch\/category\/news\/wp-json\/wp\/v2\/media\/29814"}],"wp:attachment":[{"href":"https:\/\/brin-d-eveil.ch\/category\/news\/wp-json\/wp\/v2\/media?parent=29813"}],"wp:term":[{"taxonomy":"category","embeddable":true,"href":"https:\/\/brin-d-eveil.ch\/category\/news\/wp-json\/wp\/v2\/categories?post=29813"},{"taxonomy":"post_tag","embeddable":true,"href":"https:\/\/brin-d-eveil.ch\/category\/news\/wp-json\/wp\/v2\/tags?post=29813"}],"curies":[{"name":"wp","href":"https:\/\/api.w.org\/{rel}","templated":true}]}}