{"id":29816,"date":"2024-07-14T13:46:57","date_gmt":"2024-07-14T11:46:57","guid":{"rendered":"https:\/\/brin-d-eveil.ch\/category\/news\/?p=29816"},"modified":"2024-07-14T13:46:58","modified_gmt":"2024-07-14T11:46:58","slug":"amenagement-dun-jardin-privatif","status":"publish","type":"post","link":"https:\/\/brin-d-eveil.ch\/category\/news\/amenagement-dun-jardin-privatif\/","title":{"rendered":"Am\u00e9nagement d&#8217;un jardin privatif"},"content":{"rendered":"\n<p class=\"justifie\">Youhouhou, un autre de nos projets va voir le jour d\u00e8s ao\u00fbt prochain. Apr\u00e8s plusieurs mois de recherches, nous avons mis la main sur une p\u00e9pite. Nous allons enfin pouvoir am\u00e9nager notre propre jardin et offrir un espace s\u00e9cure et ludique en ext\u00e9rieur aux enfants que nous accueillons quotidiennement. <\/p>\n\n\n\n<p><\/p>\n\n\n\n<p><\/p>\n\n\n\n<p class=\"justifie\"><\/p>\n\n\n\n<p><\/p>\n","protected":false},"excerpt":{"rendered":"<p>Youhouhou, un autre de nos projets va voir le jour d\u00e8s ao\u00fbt prochain. Apr\u00e8s plusieurs mois de recherches, nous avons mis la main sur une p\u00e9pite. Nous allons enfin pouvoir am\u00e9nager notre propre jardin et offrir un espace s\u00e9cure et ludique en ext\u00e9rieur aux enfants que nous accueillons quotidiennement.<\/p>\n","protected":false},"author":2,"featured_media":29817,"comment_status":"closed","ping_status":"closed","sticky":false,"template":"","format":"standard","meta":[],"categories":[80],"tags":[],"_links":{"self":[{"href":"https:\/\/brin-d-eveil.ch\/category\/news\/wp-json\/wp\/v2\/posts\/29816"}],"collection":[{"href":"https:\/\/brin-d-eveil.ch\/category\/news\/wp-json\/wp\/v2\/posts"}],"about":[{"href":"https:\/\/brin-d-eveil.ch\/category\/news\/wp-json\/wp\/v2\/types\/post"}],"author":[{"embeddable":true,"href":"https:\/\/brin-d-eveil.ch\/category\/news\/wp-json\/wp\/v2\/users\/2"}],"replies":[{"embeddable":true,"href":"https:\/\/brin-d-eveil.ch\/category\/news\/wp-json\/wp\/v2\/comments?post=29816"}],"version-history":[{"count":1,"href":"https:\/\/brin-d-eveil.ch\/category\/news\/wp-json\/wp\/v2\/posts\/29816\/revisions"}],"predecessor-version":[{"id":29818,"href":"https:\/\/brin-d-eveil.ch\/category\/news\/wp-json\/wp\/v2\/posts\/29816\/revisions\/29818"}],"wp:featuredmedia":[{"embeddable":true,"href":"https:\/\/brin-d-eveil.ch\/category\/news\/wp-json\/wp\/v2\/media\/29817"}],"wp:attachment":[{"href":"https:\/\/brin-d-eveil.ch\/category\/news\/wp-json\/wp\/v2\/media?parent=29816"}],"wp:term":[{"taxonomy":"category","embeddable":true,"href":"https:\/\/brin-d-eveil.ch\/category\/news\/wp-json\/wp\/v2\/categories?post=29816"},{"taxonomy":"post_tag","embeddable":true,"href":"https:\/\/brin-d-eveil.ch\/category\/news\/wp-json\/wp\/v2\/tags?post=29816"}],"curies":[{"name":"wp","href":"https:\/\/api.w.org\/{rel}","templated":true}]}}