{"id":29860,"date":"2024-09-25T12:06:30","date_gmt":"2024-09-25T10:06:30","guid":{"rendered":"https:\/\/brin-d-eveil.ch\/category\/news\/?p=29860"},"modified":"2024-09-25T12:20:40","modified_gmt":"2024-09-25T10:20:40","slug":"inauguration-du-jardin","status":"publish","type":"post","link":"https:\/\/brin-d-eveil.ch\/category\/news\/inauguration-du-jardin\/","title":{"rendered":"Inauguration du jardin"},"content":{"rendered":"\t\t<div data-elementor-type=\"wp-post\" data-elementor-id=\"29860\" class=\"elementor elementor-29860\" data-elementor-settings=\"[]\">\n\t\t\t\t\t\t\t<div class=\"elementor-section-wrap\">\n\t\t\t\t\t\t\t<section class=\"elementor-section elementor-top-section elementor-element elementor-element-47fecb7a elementor-section-boxed elementor-section-height-default elementor-section-height-default\" data-id=\"47fecb7a\" data-element_type=\"section\">\n\t\t\t\t\t\t<div class=\"elementor-container elementor-column-gap-default\">\n\t\t\t\t\t<div class=\"elementor-column elementor-col-100 elementor-top-column elementor-element elementor-element-50ef903b\" data-id=\"50ef903b\" data-element_type=\"column\">\n\t\t\t<div class=\"elementor-widget-wrap elementor-element-populated\">\n\t\t\t\t\t\t\t\t<div class=\"elementor-element elementor-element-45b7a787 elementor-widget elementor-widget-text-editor\" data-id=\"45b7a787\" data-element_type=\"widget\" data-widget_type=\"text-editor.default\">\n\t\t\t\t<div class=\"elementor-widget-container\">\n\t\t\t\t\t\t\t\t<!-- wp:paragraph {\"className\":\"justifie\"} -->\n<p class=\"justifie\"><a href=\"https:\/\/brin-d-eveil.ch\/wp-content\/uploads\/2024\/09\/IMG_2994.heic\"><img loading=\"lazy\" class=\"aligncenter size-medium wp-image-29862\" src=\"https:\/\/brin-d-eveil.ch\/wp-content\/uploads\/2024\/09\/IMG_2994.heic\" alt=\"\" width=\"1\" height=\"1\" \/><\/a><\/p>\n<!-- \/wp:paragraph --><!-- wp:paragraph -->\n<p>Samedi dernier, sous un soleil radieux, nous avons eu la chance d\u2019inaugurer avec les familles notre nouvel espace ext\u00e9rieur privatif. Ce f\u00fbt une magnifique journ\u00e9e, remplie de douceur, de sourires et de partages.\u00a0<\/p>\n<!-- \/wp:paragraph --><!-- wp:paragraph -->\n<p>Nos olympiades en famille ont lanc\u00e9 les festivit\u00e9s dans la bonne humeur, suivies d\u2019un moment plus solennel o\u00f9 chaque \u00ab\u00a0coin\u00a0\u00bb de cet espace a \u00e9t\u00e9 d\u00e9voil\u00e9 et d\u00e9taill\u00e9. Pour clore cette journ\u00e9e, un repas canadien, concoct\u00e9 avec la g\u00e9n\u00e9rosit\u00e9 de chacun, a r\u00e9uni tous les participants. Un succ\u00e8s pour cette premi\u00e8re journ\u00e9e d\u2019automne\u00a0!<\/p>\n<!-- \/wp:paragraph --><!-- wp:paragraph -->\n<p>Merci \u00e0 toute l\u2019\u00e9quipe et \u00e0 toutes les familles\u00a0<\/p>\n<!-- \/wp:paragraph --><!-- wp:paragraph {\"className\":\"justifie\"} -->\n<p class=\"justifie\">\u00a0<\/p>\n<!-- \/wp:paragraph --><!-- wp:paragraph -->\n<p>\u00a0<\/p>\n<!-- \/wp:paragraph --><!-- wp:paragraph -->\n<p>\u00a0<\/p>\n<!-- \/wp:paragraph --><!-- wp:paragraph {\"className\":\"justifie\"} -->\n<p class=\"justifie\">\u00a0<\/p>\n<!-- \/wp:paragraph --><!-- wp:paragraph -->\n<p>\u00a0<\/p>\n<!-- \/wp:paragraph -->\t\t\t\t\t\t<\/div>\n\t\t\t\t<\/div>\n\t\t\t\t\t<\/div>\n\t\t<\/div>\n\t\t\t\t\t\t\t<\/div>\n\t\t<\/section>\n\t\t\t\t\t\t<\/div>\n\t\t\t\t\t<\/div>\n\t\t","protected":false},"excerpt":{"rendered":"<p>Samedi dernier, sous un soleil radieux, nous avons eu la chance d\u2019inaugurer avec les familles notre nouvel espace ext\u00e9rieur privatif. Ce f\u00fbt une magnifique journ\u00e9e, remplie de douceur, de sourires et de partages.&nbsp; Nos olympiades en famille ont lanc\u00e9 les festivit\u00e9s dans la bonne humeur, suivies d\u2019un moment plus solennel o\u00f9 chaque \u00ab&nbsp;coin&nbsp;\u00bb de cet&#46;&#46;&#46;<\/p>\n","protected":false},"author":2,"featured_media":29862,"comment_status":"closed","ping_status":"closed","sticky":false,"template":"","format":"standard","meta":[],"categories":[80],"tags":[],"_links":{"self":[{"href":"https:\/\/brin-d-eveil.ch\/category\/news\/wp-json\/wp\/v2\/posts\/29860"}],"collection":[{"href":"https:\/\/brin-d-eveil.ch\/category\/news\/wp-json\/wp\/v2\/posts"}],"about":[{"href":"https:\/\/brin-d-eveil.ch\/category\/news\/wp-json\/wp\/v2\/types\/post"}],"author":[{"embeddable":true,"href":"https:\/\/brin-d-eveil.ch\/category\/news\/wp-json\/wp\/v2\/users\/2"}],"replies":[{"embeddable":true,"href":"https:\/\/brin-d-eveil.ch\/category\/news\/wp-json\/wp\/v2\/comments?post=29860"}],"version-history":[{"count":5,"href":"https:\/\/brin-d-eveil.ch\/category\/news\/wp-json\/wp\/v2\/posts\/29860\/revisions"}],"predecessor-version":[{"id":29868,"href":"https:\/\/brin-d-eveil.ch\/category\/news\/wp-json\/wp\/v2\/posts\/29860\/revisions\/29868"}],"wp:featuredmedia":[{"embeddable":true,"href":"https:\/\/brin-d-eveil.ch\/category\/news\/wp-json\/wp\/v2\/media\/29862"}],"wp:attachment":[{"href":"https:\/\/brin-d-eveil.ch\/category\/news\/wp-json\/wp\/v2\/media?parent=29860"}],"wp:term":[{"taxonomy":"category","embeddable":true,"href":"https:\/\/brin-d-eveil.ch\/category\/news\/wp-json\/wp\/v2\/categories?post=29860"},{"taxonomy":"post_tag","embeddable":true,"href":"https:\/\/brin-d-eveil.ch\/category\/news\/wp-json\/wp\/v2\/tags?post=29860"}],"curies":[{"name":"wp","href":"https:\/\/api.w.org\/{rel}","templated":true}]}}