{"id":30006,"date":"2025-11-15T08:24:53","date_gmt":"2025-11-15T07:24:53","guid":{"rendered":"https:\/\/brin-d-eveil.ch\/category\/news\/?p=30006"},"modified":"2025-11-15T08:24:54","modified_gmt":"2025-11-15T07:24:54","slug":"mise-a-jour-documents-institutionnels-2","status":"publish","type":"post","link":"https:\/\/brin-d-eveil.ch\/category\/news\/mise-a-jour-documents-institutionnels-2\/","title":{"rendered":"Mise \u00e0 jour documents institutionnels"},"content":{"rendered":"\n<p class=\"justifie\">Nos documents institutionnels ont \u00e9t\u00e9 mis \u00e0 jour. Ils entreront en vigueur le 1er janvier prochain. Ils seront valables jusqu&#8217;au 31 juillet 2026. N&#8217;h\u00e9sitez pas \u00e0 aller les consulter sous l&#8217;onglet infos parents > documents. <\/p>\n\n\n\n<p class=\"justifie\">Bonne lecture !<\/p>\n\n\n\n<p><\/p>\n","protected":false},"excerpt":{"rendered":"<p>Nos documents institutionnels ont \u00e9t\u00e9 mis \u00e0 jour. Ils entreront en vigueur le 1er janvier prochain. Ils seront valables jusqu&#8217;au 31 juillet 2026. N&#8217;h\u00e9sitez pas \u00e0 aller les consulter sous l&#8217;onglet infos parents > documents. Bonne lecture !<\/p>\n","protected":false},"author":2,"featured_media":29791,"comment_status":"closed","ping_status":"closed","sticky":false,"template":"","format":"standard","meta":[],"categories":[80],"tags":[],"_links":{"self":[{"href":"https:\/\/brin-d-eveil.ch\/category\/news\/wp-json\/wp\/v2\/posts\/30006"}],"collection":[{"href":"https:\/\/brin-d-eveil.ch\/category\/news\/wp-json\/wp\/v2\/posts"}],"about":[{"href":"https:\/\/brin-d-eveil.ch\/category\/news\/wp-json\/wp\/v2\/types\/post"}],"author":[{"embeddable":true,"href":"https:\/\/brin-d-eveil.ch\/category\/news\/wp-json\/wp\/v2\/users\/2"}],"replies":[{"embeddable":true,"href":"https:\/\/brin-d-eveil.ch\/category\/news\/wp-json\/wp\/v2\/comments?post=30006"}],"version-history":[{"count":1,"href":"https:\/\/brin-d-eveil.ch\/category\/news\/wp-json\/wp\/v2\/posts\/30006\/revisions"}],"predecessor-version":[{"id":30007,"href":"https:\/\/brin-d-eveil.ch\/category\/news\/wp-json\/wp\/v2\/posts\/30006\/revisions\/30007"}],"wp:featuredmedia":[{"embeddable":true,"href":"https:\/\/brin-d-eveil.ch\/category\/news\/wp-json\/wp\/v2\/media\/29791"}],"wp:attachment":[{"href":"https:\/\/brin-d-eveil.ch\/category\/news\/wp-json\/wp\/v2\/media?parent=30006"}],"wp:term":[{"taxonomy":"category","embeddable":true,"href":"https:\/\/brin-d-eveil.ch\/category\/news\/wp-json\/wp\/v2\/categories?post=30006"},{"taxonomy":"post_tag","embeddable":true,"href":"https:\/\/brin-d-eveil.ch\/category\/news\/wp-json\/wp\/v2\/tags?post=30006"}],"curies":[{"name":"wp","href":"https:\/\/api.w.org\/{rel}","templated":true}]}}