{"id":48,"date":"2021-06-03T17:16:32","date_gmt":"2021-06-03T15:16:32","guid":{"rendered":"https:\/\/brin-d-eveil.ch\/?p=48"},"modified":"2025-11-15T08:34:27","modified_gmt":"2025-11-15T07:34:27","slug":"sortie","status":"publish","type":"post","link":"https:\/\/brin-d-eveil.ch\/category\/news\/sortie\/","title":{"rendered":"Sorties"},"content":{"rendered":"\n<p class=\"justifie\">Les sorties font partie int\u00e9grante de notre quotidien, car nous consid\u00e9rons que les apprentissages et les d\u00e9couvertes du monde se passent aussi \u00e0 l\u2019ext\u00e9rieur. Qu\u2019il s\u2019agisse d\u2019une balade au village, d\u2019un p\u00e9riple vers un coin de for\u00eat, d\u2019un moment \u00e0 la place de jeu ou d&#8217;un temps au jardin, ces lieux sont id\u00e9aux pour d\u00e9velopper les capacit\u00e9s motrices et la conscience \u00e9cologique, mais aussi pour renforcer les d\u00e9fenses immunitaires et la sant\u00e9 physique globale de chaque enfant.<\/p>\n\n\n\n<p class=\"justifie\">De plus, nous organisons ponctuellement des visites plus lointaines. Ces excursions sont communiqu\u00e9es au pr\u00e9alable aux parents, car elles ont un impact sur l\u2019organisation de la journ\u00e9e et n\u00e9cessitent que les parents donnent leur accord.<\/p>\n","protected":false},"excerpt":{"rendered":"<p>Les sorties font partie int\u00e9grante de notre quotidien, car nous consid\u00e9rons que les apprentissages et les d\u00e9couvertes du monde se passent aussi \u00e0 l\u2019ext\u00e9rieur. Qu\u2019il s\u2019agisse d\u2019une balade au village, d\u2019un p\u00e9riple vers un coin de for\u00eat, d\u2019un moment \u00e0 la place de jeu ou d&#8217;un temps au jardin, ces lieux sont id\u00e9aux pour d\u00e9velopper&#46;&#46;&#46;<\/p>\n","protected":false},"author":1,"featured_media":0,"comment_status":"closed","ping_status":"closed","sticky":false,"template":"","format":"standard","meta":[],"categories":[2],"tags":[],"_links":{"self":[{"href":"https:\/\/brin-d-eveil.ch\/category\/news\/wp-json\/wp\/v2\/posts\/48"}],"collection":[{"href":"https:\/\/brin-d-eveil.ch\/category\/news\/wp-json\/wp\/v2\/posts"}],"about":[{"href":"https:\/\/brin-d-eveil.ch\/category\/news\/wp-json\/wp\/v2\/types\/post"}],"author":[{"embeddable":true,"href":"https:\/\/brin-d-eveil.ch\/category\/news\/wp-json\/wp\/v2\/users\/1"}],"replies":[{"embeddable":true,"href":"https:\/\/brin-d-eveil.ch\/category\/news\/wp-json\/wp\/v2\/comments?post=48"}],"version-history":[{"count":5,"href":"https:\/\/brin-d-eveil.ch\/category\/news\/wp-json\/wp\/v2\/posts\/48\/revisions"}],"predecessor-version":[{"id":30011,"href":"https:\/\/brin-d-eveil.ch\/category\/news\/wp-json\/wp\/v2\/posts\/48\/revisions\/30011"}],"wp:attachment":[{"href":"https:\/\/brin-d-eveil.ch\/category\/news\/wp-json\/wp\/v2\/media?parent=48"}],"wp:term":[{"taxonomy":"category","embeddable":true,"href":"https:\/\/brin-d-eveil.ch\/category\/news\/wp-json\/wp\/v2\/categories?post=48"},{"taxonomy":"post_tag","embeddable":true,"href":"https:\/\/brin-d-eveil.ch\/category\/news\/wp-json\/wp\/v2\/tags?post=48"}],"curies":[{"name":"wp","href":"https:\/\/api.w.org\/{rel}","templated":true}]}}